{"id":2135,"date":"2024-08-20T08:44:24","date_gmt":"2024-08-20T12:44:24","guid":{"rendered":"https:\/\/decadm.uprrp.edu\/etica\/?p=2135"},"modified":"2024-08-20T08:44:24","modified_gmt":"2024-08-20T12:44:24","slug":"adiestramientos-en-linea-de-la-oficina-de-participacion-ciudadana-agosto-a-octubre-2024","status":"publish","type":"post","link":"https:\/\/decadm.uprrp.edu\/etica\/2024\/08\/20\/adiestramientos-en-linea-de-la-oficina-de-participacion-ciudadana-agosto-a-octubre-2024\/","title":{"rendered":"Adiestramientos en l\u00ednea de la Oficina de Participaci\u00f3n Ciudadana (agosto a octubre 2024)"},"content":{"rendered":"<p><strong>Adiestramientos Online\u00a0<\/strong>que ofrecer\u00e1 la Oficina de Participaci\u00f3n Ciudadana (OPC) de la Oficina de Servicios Legislativos (OSL) para los meses de <strong>agosto a octubre<\/strong> 2024 que est\u00e1n disponibles para matricularse.<\/p>\n<p>&nbsp;<\/p>\n<ul>\n<li><strong>Webinar: Conoce los servicios y c\u00f3mo utilizar la Biblioteca Legislativa Tom\u00e1s Bonilla Feliciano<\/strong><\/li>\n<\/ul>\n<p style=\"padding-left: 80px;\"><strong>Fecha:<\/strong>\u00a0martes, 13 de agosto de 2024<\/p>\n<p style=\"padding-left: 80px;\"><strong>Recurso:<\/strong>\u00a0Sra. Aida Sep\u00falveda, bibliotecaria<\/p>\n<p style=\"padding-left: 80px;\"><strong>Hora<\/strong>: 10:00 AM \/ Zoom<\/p>\n<p><strong>\u00a0<\/strong><strong>Descripci\u00f3n:\u00a0<\/strong>La Biblioteca Legislativa contiene las Actas de la C\u00e1mara de Representantes y del Senado desde el 1917, los Diarios de Sesiones desde el 1952, Leyes de Puerto Rico desde el 1901, Reglamentos e Informes de Agencia, una colecci\u00f3n de referencia general, y ofrece servicios a estudiantes y p\u00fablico general. Aqu\u00ed aprender\u00e1s a utilizar su cat\u00e1logo en l\u00ednea y a sacarle el m\u00e1ximo provecho a tu b\u00fasqueda de informaci\u00f3n.<\/p>\n<p><strong>Reg\u00edstrate:\u00a0<\/strong><a href=\"https:\/\/nam02.safelinks.protection.outlook.com\/?url=https%3A%2F%2Fus06web.zoom.us%2Fwebinar%2Fregister%2FWN_SFl-UR3hStyn2FgTRiH3-A&amp;data=05%7C02%7Ccomite-etica.rp%40upr.edu%7Cd6afe25668a048392a6708dcba554afc%7C0dfa5dc0036f461599e494af822f2b84%7C0%7C0%7C638590122689741594%7CUnknown%7CTWFpbGZsb3d8eyJWIjoiMC4wLjAwMDAiLCJQIjoiV2luMzIiLCJBTiI6Ik1haWwiLCJXVCI6Mn0%3D%7C0%7C%7C%7C&amp;sdata=guiFVZ8QyT6uR1AHu5qBNmpS7ZlSGy3%2Fn%2FSrvPUwGiU%3D&amp;reserved=0\">https:\/\/us06web.zoom.us\/webinar\/register\/WN_SFl-UR3hStyn2FgTRiH3-A<\/a><\/p>\n<p><em>\u00a0<\/em><\/p>\n<p>&nbsp;<\/p>\n<ul>\n<li><strong>Webinar: Trata humana: el segundo crimen m\u00e1s lucrativo<\/strong><\/li>\n<\/ul>\n<p style=\"padding-left: 80px;\"><strong>Fecha:<\/strong>\u00a0martes, 27 de agosto de 2024<\/p>\n<p style=\"padding-left: 80px;\"><strong>Recurso:<\/strong>\u00a0Lcdo. Ever Padilla, director ejecutivo de la Comisi\u00f3n de Derechos Civiles de Puerto Rico<\/p>\n<p style=\"padding-left: 80px;\"><strong>Hora:<\/strong>\u00a010:00 AM \/ Zoom<\/p>\n<p><strong>\u00a0<\/strong><strong>Descripci\u00f3n:<\/strong>\u00a0En este taller distinguiremos los conceptos de trata humana y tr\u00e1fico humano, y discutiremos las caracter\u00edsticas que se presentan a nivel mundial, as\u00ed como las formas espec\u00edficas que toman en Puerto Rico. Abordaremos los documentos internacionales y la legislaci\u00f3n federal y local para la prevenci\u00f3n y procesamiento de los casos, y distinguiremos los retos documentados en Puerto Rico y las estrategias de prevenci\u00f3n.<\/p>\n<p><strong>Reg\u00edstrate:\u00a0<\/strong><a href=\"https:\/\/nam02.safelinks.protection.outlook.com\/?url=https%3A%2F%2Fus06web.zoom.us%2Fwebinar%2Fregister%2FWN_TQ-VAkYiS0qBWbt1QANk-g&amp;data=05%7C02%7Ccomite-etica.rp%40upr.edu%7Cd6afe25668a048392a6708dcba554afc%7C0dfa5dc0036f461599e494af822f2b84%7C0%7C0%7C638590122689754019%7CUnknown%7CTWFpbGZsb3d8eyJWIjoiMC4wLjAwMDAiLCJQIjoiV2luMzIiLCJBTiI6Ik1haWwiLCJXVCI6Mn0%3D%7C0%7C%7C%7C&amp;sdata=zASublO3InF%2FHiJsb2l%2BHK%2BNkMiOcE2vo5GhKaEVdJM%3D&amp;reserved=0\">https:\/\/us06web.zoom.us\/webinar\/register\/WN_TQ-VAkYiS0qBWbt1QANk-g<\/a><\/p>\n<p><em>\u00a0<\/em><\/p>\n<p>&nbsp;<\/p>\n<ul>\n<li><strong>Webinar: Las fuentes de informaci\u00f3n en la redacci\u00f3n de proyectos de ley<\/strong><\/li>\n<\/ul>\n<p style=\"padding-left: 80px;\"><strong>Fecha:<\/strong>\u00a0mi\u00e9rcoles, 4 de septiembre de 2024<\/p>\n<p style=\"padding-left: 80px;\"><strong>Recurso:<\/strong>\u00a0Sra. Ada Coll, asesora legislativa de la Oficina de Servicios Legisaltivos<\/p>\n<p style=\"padding-left: 80px;\"><strong>Hora:<\/strong>\u00a010:00 AM \/ Zoom<\/p>\n<p><strong>\u00a0<\/strong><strong>Descripci\u00f3n:\u00a0<\/strong>Utilizar las fuentes de informaci\u00f3n adecuadas es clave a la hora de redactar una pieza legislativa. En esta conferencia, aprender\u00e1s cu\u00e1les son las fuentes oficiales, las primarias y las secundarias, y recibir\u00e1s recomendaciones para realizar una b\u00fasqueda de informaci\u00f3n certera que pueda facilitarte el proceso de redactar correctamente un proyecto de ley o una resoluci\u00f3n.<\/p>\n<p><strong>Reg\u00edstrate:\u00a0<\/strong><a href=\"https:\/\/nam02.safelinks.protection.outlook.com\/?url=https%3A%2F%2Fus06web.zoom.us%2Fwebinar%2Fregister%2FWN_01B80zaJTJSQy8EAF0kO-w&amp;data=05%7C02%7Ccomite-etica.rp%40upr.edu%7Cd6afe25668a048392a6708dcba554afc%7C0dfa5dc0036f461599e494af822f2b84%7C0%7C0%7C638590122689763005%7CUnknown%7CTWFpbGZsb3d8eyJWIjoiMC4wLjAwMDAiLCJQIjoiV2luMzIiLCJBTiI6Ik1haWwiLCJXVCI6Mn0%3D%7C0%7C%7C%7C&amp;sdata=qQNtbHHbnn6t0CMEhyE2ERYAHA2nbVotWUhcH97oYWM%3D&amp;reserved=0\">https:\/\/us06web.zoom.us\/webinar\/register\/WN_01B80zaJTJSQy8EAF0kO-w<\/a><\/p>\n<p><em>\u00a0<\/em><\/p>\n<p>&nbsp;<\/p>\n<ul>\n<li><strong>Webinar: La Colecci\u00f3n de las Carpetas del FBI<\/strong><\/li>\n<\/ul>\n<p style=\"padding-left: 80px;\"><strong>Fecha:<\/strong>\u00a0martes, 17 de septiembre de 2024<\/p>\n<p style=\"padding-left: 80px;\"><strong>Recurso:<\/strong>\u00a0Sra. Miledys S\u00e1nchez, supervisora de la Oficina de Investigaci\u00f3n de la OSL<\/p>\n<p style=\"padding-left: 80px;\"><strong>Hora:<\/strong>\u00a010:00 AM \/ Zoom<\/p>\n<p><strong>\u00a0<\/strong><strong>Descripci\u00f3n:<\/strong>\u00a0La Oficina de Servicios Legislativos alberga la Colecci\u00f3n de Carpetas del FBI. En esta conferencia, abordaremos la cronolog\u00eda de procesos legislativos que lograron la desclasificaci\u00f3n de los documentos sobre las actividades de personas y organizaciones por raz\u00f3n de la ideolog\u00eda pol\u00edtica presumida o identificada. Tambi\u00e9n hablaremos sobre la transferencia de las copias de los expedientes federales o \u201ccarpetas\u201d al Senado de Puerto Rico, la descripci\u00f3n de las series documentales, la creaci\u00f3n de la Sala de Consulta, las normas de acceso, y los servicios de referencia disponibles a la ciudadan\u00eda.<\/p>\n<p><strong>Reg\u00edstrate:\u00a0<\/strong><a href=\"https:\/\/nam02.safelinks.protection.outlook.com\/?url=https%3A%2F%2Fus06web.zoom.us%2Fwebinar%2Fregister%2FWN_-OgYtc4HS9yZ5eRno-S_5w&amp;data=05%7C02%7Ccomite-etica.rp%40upr.edu%7Cd6afe25668a048392a6708dcba554afc%7C0dfa5dc0036f461599e494af822f2b84%7C0%7C0%7C638590122689769869%7CUnknown%7CTWFpbGZsb3d8eyJWIjoiMC4wLjAwMDAiLCJQIjoiV2luMzIiLCJBTiI6Ik1haWwiLCJXVCI6Mn0%3D%7C0%7C%7C%7C&amp;sdata=W3U4lz%2B1T27g7ap6Zm6bIJUl%2BXYh1kx0dcOwYiXNiEE%3D&amp;reserved=0\">https:\/\/us06web.zoom.us\/webinar\/register\/WN_-OgYtc4HS9yZ5eRno-S_5w<\/a><\/p>\n<p><em>\u00a0<\/em><\/p>\n<ul>\n<li><strong>Webinar: La violencia de g\u00e9nero es un problema de todos<\/strong><\/li>\n<\/ul>\n<p style=\"padding-left: 80px;\"><strong>Fecha:\u00a0<\/strong>jueves, 10 de octubre de 2024<\/p>\n<p style=\"padding-left: 80px;\"><strong>Hora:\u00a0<\/strong>10:00 AM \/ A trav\u00e9s de Zoom<\/p>\n<p style=\"padding-left: 80px;\"><strong>Recurso:\u00a0<\/strong>Sra. Yamira Curr\u00e1s Santiago, trabajadora social cl\u00ednica y Sra. Zayra Cintr\u00f3n D\u00edaz,<strong>\u00a0<\/strong>Coordinadora Program\u00e1tica de Albergue de Emergencias, ambas del Hogar Ruth<\/p>\n<p style=\"padding-left: 80px;\"><strong>Hora:\u00a0<\/strong>10:00 AM \/ A trav\u00e9s de Zoom<\/p>\n<p><strong>Descripci\u00f3n:\u00a0<\/strong>La violencia de g\u00e9nero tiene como consecuencia una<strong>\u00a0<\/strong>deficiencia en la funci\u00f3n social, afectando de manera significativa la salud mental del hombre y la mujer. Conoceremos las caracter\u00edsticas de la violencia de g\u00e9nero y aprenderemos c\u00f3mo reconocerla y prevenirla.<\/p>\n<p><strong>Reg\u00edstrate:<\/strong>\u00a0<a href=\"https:\/\/nam02.safelinks.protection.outlook.com\/?url=https%3A%2F%2Fus06web.zoom.us%2Fwebinar%2Fregister%2FWN_vzlJXE8VRNyTpXBU2zXr2Q&amp;data=05%7C02%7Ccomite-etica.rp%40upr.edu%7Cd6afe25668a048392a6708dcba554afc%7C0dfa5dc0036f461599e494af822f2b84%7C0%7C0%7C638590122689777456%7CUnknown%7CTWFpbGZsb3d8eyJWIjoiMC4wLjAwMDAiLCJQIjoiV2luMzIiLCJBTiI6Ik1haWwiLCJXVCI6Mn0%3D%7C0%7C%7C%7C&amp;sdata=jLpJU%2BB29EabKEsLiBOVX5fciOcQoTESo9HfCBk0xCE%3D&amp;reserved=0\">https:\/\/us06web.zoom.us\/webinar\/register\/WN_vzlJXE8VRNyTpXBU2zXr2Q<\/a><\/p>\n<p>&nbsp;<\/p>\n<ul>\n<li><strong>Webinar:\u00a0Derecho migratorio: implicaciones de la legislaci\u00f3n federal y el caso de Puerto Rico; una mirada desde los derechos humanos<\/strong><\/li>\n<\/ul>\n<p style=\"padding-left: 80px;\"><strong>Fecha:<\/strong>\u00a0martes, 29 de octubre de 2024<\/p>\n<p style=\"padding-left: 80px;\"><strong>Recurso:<\/strong>\u00a0Lcdo. Ever Padilla, director ejecutivo de la Comisi\u00f3n de Derechos Civiles<\/p>\n<p style=\"padding-left: 80px;\"><strong>Hora:<\/strong>\u00a010:00 AM \/ Zoom<\/p>\n<p><strong>Descripci\u00f3n:\u00a0<\/strong>En esta conferencia, conoceremos la legislaci\u00f3n federal y estatal aplicable a las personas migrantes en Puerto Rico, as\u00ed como los derechos y leyes que les protegen. Adem\u00e1s, aprenderemos sobre el concepto de ciudadan\u00eda.<\/p>\n<p><strong>Reg\u00edstrate:\u00a0<\/strong><a href=\"https:\/\/nam02.safelinks.protection.outlook.com\/?url=https%3A%2F%2Fus06web.zoom.us%2Fwebinar%2Fregister%2FWN_wd2J5u5ZQNGkDJWEx0nn4A&amp;data=05%7C02%7Ccomite-etica.rp%40upr.edu%7Cd6afe25668a048392a6708dcba554afc%7C0dfa5dc0036f461599e494af822f2b84%7C0%7C0%7C638590122689783930%7CUnknown%7CTWFpbGZsb3d8eyJWIjoiMC4wLjAwMDAiLCJQIjoiV2luMzIiLCJBTiI6Ik1haWwiLCJXVCI6Mn0%3D%7C0%7C%7C%7C&amp;sdata=EXPAAWMm9DyHUkuu4jdS6mD1pa6z1eLGYhTYyQhnWUM%3D&amp;reserved=0\">https:\/\/us06web.zoom.us\/webinar\/register\/WN_wd2J5u5ZQNGkDJWEx0nn4A<\/a><\/p>\n<p><em>\u00a0<\/em><\/p>\n<p><em>(Contaremos con int\u00e9rpretes de lenguaje de se\u00f1as).<\/em><\/p>\n<p><em>(Este webinar fue certificado como elegible para Educaci\u00f3n Continua por la Oficina de \u00c9tica Gubernamental).<\/em><\/p>\n<p><strong>Para m\u00e1s informaci\u00f3n de estos webinars, debe comunicarse con la Oficina de Participaci\u00f3n Ciudadana, al 787-721-5200, extensi\u00f3n 318, o escribe a\u00a0<\/strong><a href=\"mailto:participacion@oslpr.org\"><strong>participacion@oslpr.org<\/strong><\/a><strong><em><u>\u00a0.<\/u><\/em><\/strong><\/p>\n<p>&nbsp;<\/p>\n","protected":false},"excerpt":{"rendered":"<p>Adiestramientos Online\u00a0que ofrecer\u00e1 la Oficina de Participaci\u00f3n Ciudadana (OPC) de la Oficina de Servicios Legislativos (OSL) para los meses de agosto a octubre 2024 que est\u00e1n disponibles para matricularse. &nbsp; [&hellip;]<\/p>\n","protected":false},"author":2,"featured_media":0,"comment_status":"closed","ping_status":"closed","sticky":false,"template":"","format":"standard","meta":{"_themeisle_gutenberg_block_has_review":false,"footnotes":""},"categories":[15],"tags":[],"class_list":["post-2135","post","type-post","status-publish","format-standard","hentry","category-avisos"],"rttpg_featured_image_url":null,"rttpg_author":{"display_name":false,"author_link":"https:\/\/decadm.uprrp.edu\/etica\/author\/wilmarie\/"},"rttpg_comment":0,"rttpg_category":"<a href=\"https:\/\/decadm.uprrp.edu\/etica\/category\/avisos\/\" rel=\"category tag\">Avisos<\/a>","rttpg_excerpt":"Adiestramientos Online\u00a0que ofrecer\u00e1 la Oficina de Participaci\u00f3n Ciudadana (OPC) de la Oficina de Servicios Legislativos (OSL) para los meses de agosto a octubre 2024 que est\u00e1n disponibles para matricularse. &nbsp; [&hellip;]","_links":{"self":[{"href":"https:\/\/decadm.uprrp.edu\/etica\/wp-json\/wp\/v2\/posts\/2135","targetHints":{"allow":["GET"]}}],"collection":[{"href":"https:\/\/decadm.uprrp.edu\/etica\/wp-json\/wp\/v2\/posts"}],"about":[{"href":"https:\/\/decadm.uprrp.edu\/etica\/wp-json\/wp\/v2\/types\/post"}],"author":[{"embeddable":true,"href":"https:\/\/decadm.uprrp.edu\/etica\/wp-json\/wp\/v2\/users\/2"}],"replies":[{"embeddable":true,"href":"https:\/\/decadm.uprrp.edu\/etica\/wp-json\/wp\/v2\/comments?post=2135"}],"version-history":[{"count":1,"href":"https:\/\/decadm.uprrp.edu\/etica\/wp-json\/wp\/v2\/posts\/2135\/revisions"}],"predecessor-version":[{"id":2136,"href":"https:\/\/decadm.uprrp.edu\/etica\/wp-json\/wp\/v2\/posts\/2135\/revisions\/2136"}],"wp:attachment":[{"href":"https:\/\/decadm.uprrp.edu\/etica\/wp-json\/wp\/v2\/media?parent=2135"}],"wp:term":[{"taxonomy":"category","embeddable":true,"href":"https:\/\/decadm.uprrp.edu\/etica\/wp-json\/wp\/v2\/categories?post=2135"},{"taxonomy":"post_tag","embeddable":true,"href":"https:\/\/decadm.uprrp.edu\/etica\/wp-json\/wp\/v2\/tags?post=2135"}],"curies":[{"name":"wp","href":"https:\/\/api.w.org\/{rel}","templated":true}]}}